{"id":4345,"date":"2020-08-25T11:30:58","date_gmt":"2020-08-25T11:30:58","guid":{"rendered":"http:\/\/demo.athemes.com\/sydney-redesign\/?p=76"},"modified":"2020-09-08T18:06:58","modified_gmt":"2020-09-08T18:06:58","slug":"dont-miss-our-next-event","status":"publish","type":"post","link":"https:\/\/grundschule-loppersum.de\/?p=4345","title":{"rendered":"Aktuelle Informationen zur Einschulung hinsichtlich der Corona-Pandemie"},"content":{"rendered":"<div id='av_section_1'  class='avia-section main_color avia-section-default avia-no-border-styling  av-section-color-overlay-active avia-bg-style-parallax  avia-builder-el-0  el_before_av_one_full  avia-builder-el-first   container_wrap fullsize' style=' '  ><div class='av-section-color-overlay-wrap'><div class='av-section-color-overlay' style='opacity: 0.5; background-color: #000000; '><\/div><div class='container' ><main  role=\"main\" itemprop=\"mainContentOfPage\"  class='template-page content  av-content-full alpha units'><div class='post-entry post-entry-type-page post-entry-4345'><div class='entry-content-wrapper clearfix'>\n<section class=\"av_textblock_section \"  itemscope=\"itemscope\" itemtype=\"https:\/\/schema.org\/BlogPosting\" itemprop=\"blogPost\" ><div class='avia_textblock  av_inherit_color '  style='color:#ffffff; '  itemprop=\"text\" ><h1><\/h1>\n<h1><\/h1>\n<h1 style=\"text-align: center;\"><br class=\"avia-permanent-lb\" \/>Aktuelle Informationen zur Corona Pandemie<\/h1>\n<\/div><\/section>\n<\/div><\/div><\/main><!-- close content main element --><\/div><\/div><\/div><div id='after_section_1'  class='main_color av_default_container_wrap container_wrap fullsize' style=' '  ><div class='container' ><div class='template-page content  av-content-full alpha units'><div class='post-entry post-entry-type-page post-entry-4345'><div class='entry-content-wrapper clearfix'>\n<div class=\"flex_column av_one_full  av-animated-generic bottom-to-top  flex_column_div av-zero-column-padding first  avia-builder-el-2  el_after_av_section  avia-builder-el-no-sibling  \" style='border-radius:0px; '><section class=\"av_textblock_section \"  itemscope=\"itemscope\" itemtype=\"https:\/\/schema.org\/BlogPosting\" itemprop=\"blogPost\" ><div class='avia_textblock  '   itemprop=\"text\" ><p>Liebe Eltern der zuk\u00fcnftigen Erstkl\u00e4ssler,<\/p>\n<p>Sie haben inzwischen den Medien entnommen, dass unser Schulministerium f\u00fcr das neue Schuljahr eine ausf\u00fchrliche Planung vorgelegt hat, an der wir uns ausrichten. Wir haben Ihnen auch schon eine erste Information mit der Post zukommen lassen. Mit dieser Nachricht erhalten Sie weitere Informationen und wir bitten Sie in jedem Fall um eine <strong>R\u00fcckmeldung zum Ganztag, falls bei Ihnen Bedarf besteht (s. unten).<\/strong><\/p>\n<p><strong>Zur Einschulung (29.08.2020):<\/strong><\/p>\n<p>Zur Einschulung k\u00f6nnen Sie mit h\u00f6chstens <strong>f\u00fcnf<\/strong> Erwachsenen erscheinen. So k\u00f6nnen wir die Abstandsregeln bestm\u00f6glich einhalten. Die Einschulung findet in der <strong>Turnhalle<\/strong> statt. Nach der Begr\u00fc\u00dfung gehen die Kinder mit der Klassenlehrerin ca. 20 Minuten in den Klassenraum. Aufgrund der besonderen Situation kann es dieses Jahr kein Elterncafe w\u00e4hrend des Unterrichts geben.<\/p>\n<p>F\u00fcr das neue Schuljahr gilt in allen Schulen und auf jedem Schulgel\u00e4nde in Niedersachsen <strong>Maskenpflicht<\/strong>, allerdings k\u00f6nnen auch weiterhin im Unterricht die Masken abgelegt werden. Es wurde darauf hingewiesen, dass Eltern verantwortlich sind, die Kinder auszustatten. Auch wir m\u00fcssen uns hieran halten. Bitte schicken Sie Ihr Kind t\u00e4glich mit einer Maske auf den Schulweg. Nat\u00fcrlich wird eine <strong>Brotdose<\/strong> <strong>mit einem leckeren und gesunden Fr\u00fchst\u00fcck<\/strong> ben\u00f6tigt. Die eigene <strong>Trinkflasche<\/strong> soll ebenfalls weiterhin t\u00e4glich mitgebracht werden. Bitte f\u00fcllen Sie Ihrem Kind diese morgens mit <strong>Wasser<\/strong> auf. In der Schule kann nachgef\u00fcllt werden.<\/p>\n<p>Der Kultusminister hat in seinem letzten Brief die Einrichtung von `Kohorten` an Schulen vorgesehen. `Kohorten` sind feste, immer gleichbleibende Gruppen. Das bezieht sich nicht nur auf die Zeit im Klassenraum, sondern auch w\u00e4hrend der Pausen. Eine \u00b4Kohorte\u00b4 kann bis zu zwei Jahrg\u00e4nge umfassen (z.B.: 1.+ 2. Klasse und 3.+4. Klasse).<\/p>\n<p>Allerdings m\u00fcssen weiterhin die Abstandsregeln zu anderen Gruppen (Kohorten) eingehalten werden. Es bleiben auch die Regeln bez\u00fcglich des H\u00e4ndewaschens erhalten.<\/p>\n<p>Eine weitere wichtige Vorgabe ist das stetige <strong>L\u00fcften<\/strong> bzw. <strong>Sto\u00dfl\u00fcften<\/strong> des Klassenraums. Die Erfahrung hat gezeigt, dass manche Kinder leicht frieren. Daher bitten wir darum, dass jedes Kind t\u00e4glich einen <strong>warmen Pulli\/eine warme Strickjacke<\/strong> in der Schule hat.<\/p>\n<p>Der Sportunterricht kann wie gewohnt stattfinden, solange er innerhalb der Kohorte erteilt wird. Ab dem 14.09.20 wird der Schwimmunterricht f\u00fcr die jetzigen 3. Klassen (3b) fortgef\u00fchrt.<\/p>\n<p><strong>Hier nochmal eine Liste der Dinge, die jedes Kind t\u00e4glich in der Schule haben muss:<\/strong><\/p>\n<ul>\n<li><strong>eine Maske<\/strong><\/li>\n<li><strong>Brotdose mit gesundem Fr\u00fchst\u00fcck<\/strong><\/li>\n<li><strong>Trinkflasche mit Wasser<\/strong><\/li>\n<li><strong>warmer Pullover oder warme Strickjacke<\/strong><\/li>\n<li><strong>Regenjacke und gutes Schuhwerk (f\u00fcr regnerische Pausen)<\/strong><\/li>\n<\/ul>\n<p>Leider m\u00fcssen die Regelungen zum Besuch des Ganztagsbereichs eingeschr\u00e4nkt werden. Da die Hygieneregeln bei den bisherigen Anmeldungen nicht eingehalten werden k\u00f6nnen, werden wir nur Sch\u00fcler*innen nachmittags betreuen k\u00f6nnen, deren Eltern bis in den Nachmittag hinein arbeiten. Wir ben\u00f6tigen deshalb von Ihnen einen Nachweis dar\u00fcber- selbstverst\u00e4ndlich von beiden Elternteilen, wenn Sie nicht alleinerziehend sind. Bitte legen Sie uns eine Kopie Ihres Arbeitsvertrages oder einen Brief Ihres Arbeitgebers bis zum 31.08.2020 vor.<\/p>\n<p>Auch die AG\u00b4s im Ganztagsbereich werden nicht gew\u00e4hlt werden k\u00f6nnen, da wir die Jahrg\u00e4nge ebenfalls in den bestehenden Gruppen beibehalten m\u00fcssen.<\/p>\n<p>Wir bitten Sie um Verst\u00e4ndnis.<\/p>\n<p>Bitte denken Sie daran, dass sich die bis jetzt bestehenden Regelungen zum Schulstart \u00e4ndern k\u00f6nnen, wenn dies die Entwicklung der Neuansteckungen empfiehlt. Dies entscheidet nicht die Grundschule Loppersum, sondern das Ministerium. Gerne k\u00f6nnen Sie sich auch unter mk-niedersachsen.de zum Thema \u00b4Corona` informieren.<\/p>\n<p>Genie\u00dfen Sie die letzten Ferientage und bleiben Sie gesund!<\/p>\n<p>Mit herzlichen Gr\u00fc\u00dfen des gesamten Teams der Grundschule Loppersum, das sich flei\u00dfig und fr\u00f6hlich auf den Schulstart vorbereitet<\/p>\n<\/div><\/section><\/div>\n","protected":false},"excerpt":{"rendered":"","protected":false},"author":1,"featured_media":0,"comment_status":"open","ping_status":"open","sticky":false,"template":"","format":"standard","meta":{"footnotes":""},"categories":[34],"tags":[],"class_list":["post-4345","post","type-post","status-publish","format-standard","hentry","category-aktuelles"],"_links":{"self":[{"href":"https:\/\/grundschule-loppersum.de\/index.php?rest_route=\/wp\/v2\/posts\/4345","targetHints":{"allow":["GET"]}}],"collection":[{"href":"https:\/\/grundschule-loppersum.de\/index.php?rest_route=\/wp\/v2\/posts"}],"about":[{"href":"https:\/\/grundschule-loppersum.de\/index.php?rest_route=\/wp\/v2\/types\/post"}],"author":[{"embeddable":true,"href":"https:\/\/grundschule-loppersum.de\/index.php?rest_route=\/wp\/v2\/users\/1"}],"replies":[{"embeddable":true,"href":"https:\/\/grundschule-loppersum.de\/index.php?rest_route=%2Fwp%2Fv2%2Fcomments&post=4345"}],"version-history":[{"count":33,"href":"https:\/\/grundschule-loppersum.de\/index.php?rest_route=\/wp\/v2\/posts\/4345\/revisions"}],"predecessor-version":[{"id":5859,"href":"https:\/\/grundschule-loppersum.de\/index.php?rest_route=\/wp\/v2\/posts\/4345\/revisions\/5859"}],"wp:attachment":[{"href":"https:\/\/grundschule-loppersum.de\/index.php?rest_route=%2Fwp%2Fv2%2Fmedia&parent=4345"}],"wp:term":[{"taxonomy":"category","embeddable":true,"href":"https:\/\/grundschule-loppersum.de\/index.php?rest_route=%2Fwp%2Fv2%2Fcategories&post=4345"},{"taxonomy":"post_tag","embeddable":true,"href":"https:\/\/grundschule-loppersum.de\/index.php?rest_route=%2Fwp%2Fv2%2Ftags&post=4345"}],"curies":[{"name":"wp","href":"https:\/\/api.w.org\/{rel}","templated":true}]}}