{"id":6159,"date":"2020-12-17T06:33:58","date_gmt":"2020-12-17T06:33:58","guid":{"rendered":"https:\/\/grundschule-loppersum.de\/?p=6159"},"modified":"2020-12-17T06:33:58","modified_gmt":"2020-12-17T06:33:58","slug":"aktuelle-informationen-zur-corona-pandemie-2-2","status":"publish","type":"post","link":"https:\/\/grundschule-loppersum.de\/?p=6159","title":{"rendered":"Neue Informationen des Kultusministers"},"content":{"rendered":"<div id='av_section_1'  class='avia-section main_color avia-section-default avia-no-border-styling  av-section-color-overlay-active avia-bg-style-parallax  avia-builder-el-0  el_before_av_one_full  avia-builder-el-first   container_wrap fullsize' style=' '  ><div class='av-section-color-overlay-wrap'><div class='av-section-color-overlay' style='opacity: 0.5; background-color: #000000; '><\/div><div class='container' ><main  role=\"main\" itemprop=\"mainContentOfPage\"  class='template-page content  av-content-full alpha units'><div class='post-entry post-entry-type-page post-entry-6159'><div class='entry-content-wrapper clearfix'>\n<section class=\"av_textblock_section \"  itemscope=\"itemscope\" itemtype=\"https:\/\/schema.org\/BlogPosting\" itemprop=\"blogPost\" ><div class='avia_textblock  av_inherit_color '  style='color:#ffffff; '  itemprop=\"text\" ><h1><\/h1>\n<h1><\/h1>\n<h1 style=\"text-align: center;\"><\/h1>\n<h1 style=\"text-align: center;\">Neue Informationen des Kultusministers<\/h1>\n<\/div><\/section>\n<\/div><\/div><\/main><!-- close content main element --><\/div><\/div><\/div><div id='after_section_1'  class='main_color av_default_container_wrap container_wrap fullsize' style=' '  ><div class='container' ><div class='template-page content  av-content-full alpha units'><div class='post-entry post-entry-type-page post-entry-6159'><div class='entry-content-wrapper clearfix'><div class=\"flex_column av_one_full  av-animated-generic bottom-to-top  flex_column_div av-zero-column-padding first  avia-builder-el-2  el_after_av_section  avia-builder-el-no-sibling  \" style='border-radius:0px; '><section class=\"av_textblock_section \"  itemscope=\"itemscope\" itemtype=\"https:\/\/schema.org\/BlogPosting\" itemprop=\"blogPost\" ><div class='avia_textblock  '   itemprop=\"text\" ><p>Grant Hendrik Tonne<br \/>\nNieders\u00e4chsischer<br \/>\nKultusminister<\/p>\n<p>Hannover, 15. Dezember 2020<\/p>\n<p>Sehr geehrte Eltern,<br \/>\nsehr geehrte Erziehungsberechtigte,<\/p>\n<p>wenn uns das Virus in den letzten Monaten eines gelehrt hat, dann, dass nichts wirklich planbar ist. Vor noch nicht einmal zwei Wochen gaben zumindest in Niedersachsen sinkende Infektionszahlen Anlass zu der Hoffnung, dass vor Weihnachten keine Plan\u00e4nderungen f\u00fcr die Schulen im Land notwendig sein w\u00fcrden. Die rasante Entwicklung des Infektionsgeschehens hat uns hier einen Strich durch die Rechnung gemacht. In der vergangenen Woche war deshalb auch der Bildungsbereich aufgefordert, schnell einen Beitrag zu verringerter Mobilit\u00e4t und zu weiteren Kontaktbeschr\u00e4nkungen zu leisten. Die f\u00fcr die Vorweihnachtswoche getroffene Regelung war nach z\u00fcgiger, aber dennoch sorgf\u00e4ltiger Abw\u00e4gung die einzige, die rechtssicher und zeitgerecht umgesetzt werden konnte. Nicht ohne Grund haben viele andere Bundesl\u00e4nder inzwischen nachgezogen und verfolgen einen \u00e4hnlichen Weg.<br \/>\nJetzt gilt es, gemeinsam nach vorne zu schauen und die Zeit nach den Weihnachtsferien in den Blick zu nehmen. Mein erkl\u00e4rtes Ziel ist es, mehr Planungssicherheit in einer kaum planbaren Lage zu schaffen. Dieser Herausforderung wollen wir uns mit Blick auf das neue Jahr stellen. Nach Einsch\u00e4tzung des Landesgesundheitsamtes sehen wir uns im Januar aller Voraussicht nach mit einer Situation konfrontiert, die keine gesicherte Aussage \u00fcber den tats\u00e4chlichen Inzidenzwert zul\u00e4sst. Diese Unsicherheit liegt darin begr\u00fcndet, dass zwischen Weihnachten und Neujahr durch die Schlie\u00dfung von Arztpraxen und Laboren insgesamt weniger getestet wird. Wir werden darauf vorausschauend reagieren und im Januar eine Art \u201eSicherheitsnetz\u201c einziehen, \u00fcber das ich Sie heute schon informieren m\u00f6chte, um Ihnen gr\u00f6\u00dftm\u00f6gliche Planungssicherheit zu geben.<br \/>\nF\u00fcr die Zeit vom 11.01.2021 bis zum Halbjahreswechsel planen wir folgende \u201e\u00dcbergangs-regelung\u201c, auf die Sie sich bitte einstellen:<br \/>\n\uf0b7 Primarbereich:<br \/>\nSzenario A mit Mund-Nase-Bedeckung auch im Unterricht<\/p>\n<p>(Szenario B bei Betroffenheit durch eine Infektionsschutzma\u00dfnahme f\u00fcr mind. eine Klasse \/ Lerngruppe)<\/p>\n<p>\uf0b7 Sekundarbereiche I\/II:<br \/>\nSzenario B (Ausnahme: Der Abiturjahrgang wechselt nur bei eigener Betroffenheit, verbleibt sonst im Szenario A und tr\u00e4gt MNB im Unterricht.)<\/p>\n<p>Mit Beginn des zweiten Schulhalbjahres wollen wir dann zum bereits bekannten Stufenplan und damit zum inzidenzbasierten und differenzierten System zur\u00fcckkehren. Wir werden den Plan um eine Definition des Szenarios C (Schulschlie\u00dfung mit Distanzunterricht) erweitern und pr\u00fcfen dar\u00fcber hinaus, ob eine Ver\u00e4nderung der Grenzwerte f\u00fcr die Sekundarbereiche I und II angebracht ist. Damit bleiben wir bei dem, was sich in Niedersachsen bew\u00e4hrt hat, justieren ggf. einzelne Stellschrauben nach und werden Ihnen den angepassten Plan im Januar zukommen lassen.<\/p>\n<p>Nun aber wirklich: Bei allen Herausforderungen in dieser Zeit \u2013 Ihnen ein frohes Weihnachtsfest und ein paar erholsame Tage f\u00fcr Sie und Ihre Familien!<\/p>\n<p>Mit freundlichen Gr\u00fc\u00dfen<\/p>\n<p><a href=\"https:\/\/grundschule-loppersum.de\/wp-content\/uploads\/2020\/12\/2020-12-15_Brief_an_Eltern_und_Erziehungsberechtigte.pdf\">2020-12-15_Brief_an_Eltern_und_Erziehungsberechtigte<\/a><\/p>\n<\/div><\/section><\/div><\/p>\n","protected":false},"excerpt":{"rendered":"","protected":false},"author":1,"featured_media":0,"comment_status":"open","ping_status":"open","sticky":false,"template":"","format":"standard","meta":{"footnotes":""},"categories":[34],"tags":[],"class_list":["post-6159","post","type-post","status-publish","format-standard","hentry","category-aktuelles"],"_links":{"self":[{"href":"https:\/\/grundschule-loppersum.de\/index.php?rest_route=\/wp\/v2\/posts\/6159","targetHints":{"allow":["GET"]}}],"collection":[{"href":"https:\/\/grundschule-loppersum.de\/index.php?rest_route=\/wp\/v2\/posts"}],"about":[{"href":"https:\/\/grundschule-loppersum.de\/index.php?rest_route=\/wp\/v2\/types\/post"}],"author":[{"embeddable":true,"href":"https:\/\/grundschule-loppersum.de\/index.php?rest_route=\/wp\/v2\/users\/1"}],"replies":[{"embeddable":true,"href":"https:\/\/grundschule-loppersum.de\/index.php?rest_route=%2Fwp%2Fv2%2Fcomments&post=6159"}],"version-history":[{"count":2,"href":"https:\/\/grundschule-loppersum.de\/index.php?rest_route=\/wp\/v2\/posts\/6159\/revisions"}],"predecessor-version":[{"id":6162,"href":"https:\/\/grundschule-loppersum.de\/index.php?rest_route=\/wp\/v2\/posts\/6159\/revisions\/6162"}],"wp:attachment":[{"href":"https:\/\/grundschule-loppersum.de\/index.php?rest_route=%2Fwp%2Fv2%2Fmedia&parent=6159"}],"wp:term":[{"taxonomy":"category","embeddable":true,"href":"https:\/\/grundschule-loppersum.de\/index.php?rest_route=%2Fwp%2Fv2%2Fcategories&post=6159"},{"taxonomy":"post_tag","embeddable":true,"href":"https:\/\/grundschule-loppersum.de\/index.php?rest_route=%2Fwp%2Fv2%2Ftags&post=6159"}],"curies":[{"name":"wp","href":"https:\/\/api.w.org\/{rel}","templated":true}]}}