{"id":6430,"date":"2023-02-18T14:29:10","date_gmt":"2023-02-18T14:29:10","guid":{"rendered":"https:\/\/grundschule-loppersum.de\/?p=6430"},"modified":"2023-02-18T14:29:10","modified_gmt":"2023-02-18T14:29:10","slug":"wandertag-nr-3-an-der-gs-loppersum-uwe-redenius-zu-gast","status":"publish","type":"post","link":"https:\/\/grundschule-loppersum.de\/?p=6430","title":{"rendered":"Wandertag Nr. 3 an der GS Loppersum &#8211; Uwe Redenius zu Gast"},"content":{"rendered":"<p>Der 3. Politische Wandertag fand am 15.2.2023 in der Grundschule Loppersum statt. Das Sch\u00fclerparlament, bestehend aus den 16 Klassensprechern der 8 Klassen, lud den B\u00fcrgermeister der Gemeinde Hinte, Uwe Redenius, zu einem Rundgang durch die Schule und nachfolgender Fragestunde mit Keksen und Kakao ein.<\/p>\n<p>Dieser zeigte sich den Fragen der Sch\u00fcler gegen\u00fcber sehr offen und beantwortete diese kindgerecht und zugewandt. Dabei wurden Themen wie der Mangel an zur Verf\u00fcgung stehenden R\u00e4umen, der geplante Soccercourt auf dem Schulhof, Unterrichtshelfer in allen Klassen und die Einhaltung von Kinderrechten diskutiert.<\/p>\n<p>Der B\u00fcrgermeister nahm sich \u00fcber zwei Stunden Zeit und verabschiedete sich mit dem Versprechen, sich der Probleme anzunehmen. Au\u00dferdem darf das Sch\u00fclerparlament in den n\u00e4chsten Wochen mit einer Einladung des B\u00fcrgermeisters rechnen und sich seinen Arbeitsplatz im Rathaus ansehen.<img loading=\"lazy\" decoding=\"async\" class=\"alignnone size-full wp-image-6431\" src=\"https:\/\/grundschule-loppersum.de\/wp-content\/uploads\/2023\/02\/Wandertag-Nr.3-a-scaled.jpeg\" alt=\"\" width=\"2560\" height=\"1920\" srcset=\"https:\/\/grundschule-loppersum.de\/wp-content\/uploads\/2023\/02\/Wandertag-Nr.3-a-scaled.jpeg 2560w, https:\/\/grundschule-loppersum.de\/wp-content\/uploads\/2023\/02\/Wandertag-Nr.3-a-300x225.jpeg 300w, https:\/\/grundschule-loppersum.de\/wp-content\/uploads\/2023\/02\/Wandertag-Nr.3-a-1030x773.jpeg 1030w, https:\/\/grundschule-loppersum.de\/wp-content\/uploads\/2023\/02\/Wandertag-Nr.3-a-768x576.jpeg 768w, https:\/\/grundschule-loppersum.de\/wp-content\/uploads\/2023\/02\/Wandertag-Nr.3-a-1536x1152.jpeg 1536w, https:\/\/grundschule-loppersum.de\/wp-content\/uploads\/2023\/02\/Wandertag-Nr.3-a-2048x1536.jpeg 2048w, https:\/\/grundschule-loppersum.de\/wp-content\/uploads\/2023\/02\/Wandertag-Nr.3-a-1500x1125.jpeg 1500w, https:\/\/grundschule-loppersum.de\/wp-content\/uploads\/2023\/02\/Wandertag-Nr.3-a-705x529.jpeg 705w\" sizes=\"auto, (max-width: 2560px) 100vw, 2560px\" \/> <img loading=\"lazy\" decoding=\"async\" class=\"alignnone size-full wp-image-6432\" src=\"https:\/\/grundschule-loppersum.de\/wp-content\/uploads\/2023\/02\/Wandertag-Nr.3-b-scaled.jpeg\" alt=\"\" width=\"2560\" height=\"1920\" srcset=\"https:\/\/grundschule-loppersum.de\/wp-content\/uploads\/2023\/02\/Wandertag-Nr.3-b-scaled.jpeg 2560w, https:\/\/grundschule-loppersum.de\/wp-content\/uploads\/2023\/02\/Wandertag-Nr.3-b-300x225.jpeg 300w, https:\/\/grundschule-loppersum.de\/wp-content\/uploads\/2023\/02\/Wandertag-Nr.3-b-1030x773.jpeg 1030w, https:\/\/grundschule-loppersum.de\/wp-content\/uploads\/2023\/02\/Wandertag-Nr.3-b-768x576.jpeg 768w, https:\/\/grundschule-loppersum.de\/wp-content\/uploads\/2023\/02\/Wandertag-Nr.3-b-1536x1152.jpeg 1536w, https:\/\/grundschule-loppersum.de\/wp-content\/uploads\/2023\/02\/Wandertag-Nr.3-b-2048x1536.jpeg 2048w, https:\/\/grundschule-loppersum.de\/wp-content\/uploads\/2023\/02\/Wandertag-Nr.3-b-1500x1125.jpeg 1500w, https:\/\/grundschule-loppersum.de\/wp-content\/uploads\/2023\/02\/Wandertag-Nr.3-b-705x529.jpeg 705w\" sizes=\"auto, (max-width: 2560px) 100vw, 2560px\" \/> <img loading=\"lazy\" decoding=\"async\" class=\"alignnone size-full wp-image-6433\" src=\"https:\/\/grundschule-loppersum.de\/wp-content\/uploads\/2023\/02\/Wandertag-Nr.3-c-scaled.jpeg\" alt=\"\" width=\"2560\" height=\"1920\" srcset=\"https:\/\/grundschule-loppersum.de\/wp-content\/uploads\/2023\/02\/Wandertag-Nr.3-c-scaled.jpeg 2560w, https:\/\/grundschule-loppersum.de\/wp-content\/uploads\/2023\/02\/Wandertag-Nr.3-c-300x225.jpeg 300w, https:\/\/grundschule-loppersum.de\/wp-content\/uploads\/2023\/02\/Wandertag-Nr.3-c-1030x773.jpeg 1030w, https:\/\/grundschule-loppersum.de\/wp-content\/uploads\/2023\/02\/Wandertag-Nr.3-c-768x576.jpeg 768w, https:\/\/grundschule-loppersum.de\/wp-content\/uploads\/2023\/02\/Wandertag-Nr.3-c-1536x1152.jpeg 1536w, https:\/\/grundschule-loppersum.de\/wp-content\/uploads\/2023\/02\/Wandertag-Nr.3-c-2048x1536.jpeg 2048w, https:\/\/grundschule-loppersum.de\/wp-content\/uploads\/2023\/02\/Wandertag-Nr.3-c-1500x1125.jpeg 1500w, https:\/\/grundschule-loppersum.de\/wp-content\/uploads\/2023\/02\/Wandertag-Nr.3-c-705x529.jpeg 705w\" sizes=\"auto, (max-width: 2560px) 100vw, 2560px\" \/><\/p>\n","protected":false},"excerpt":{"rendered":"<p>Der 3. Politische Wandertag fand am 15.2.2023 in der Grundschule Loppersum statt. Das Sch\u00fclerparlament, bestehend aus den 16 Klassensprechern der 8 Klassen, lud den B\u00fcrgermeister der Gemeinde Hinte, Uwe Redenius, zu einem Rundgang durch die Schule und nachfolgender Fragestunde mit Keksen und Kakao ein. Dieser zeigte sich den Fragen der Sch\u00fcler gegen\u00fcber sehr offen und [&hellip;]<\/p>\n","protected":false},"author":1,"featured_media":6434,"comment_status":"open","ping_status":"open","sticky":false,"template":"","format":"standard","meta":{"footnotes":""},"categories":[1,34],"tags":[],"class_list":["post-6430","post","type-post","status-publish","format-standard","has-post-thumbnail","hentry","category-aktionen","category-aktuelles"],"_links":{"self":[{"href":"https:\/\/grundschule-loppersum.de\/index.php?rest_route=\/wp\/v2\/posts\/6430","targetHints":{"allow":["GET"]}}],"collection":[{"href":"https:\/\/grundschule-loppersum.de\/index.php?rest_route=\/wp\/v2\/posts"}],"about":[{"href":"https:\/\/grundschule-loppersum.de\/index.php?rest_route=\/wp\/v2\/types\/post"}],"author":[{"embeddable":true,"href":"https:\/\/grundschule-loppersum.de\/index.php?rest_route=\/wp\/v2\/users\/1"}],"replies":[{"embeddable":true,"href":"https:\/\/grundschule-loppersum.de\/index.php?rest_route=%2Fwp%2Fv2%2Fcomments&post=6430"}],"version-history":[{"count":1,"href":"https:\/\/grundschule-loppersum.de\/index.php?rest_route=\/wp\/v2\/posts\/6430\/revisions"}],"predecessor-version":[{"id":6435,"href":"https:\/\/grundschule-loppersum.de\/index.php?rest_route=\/wp\/v2\/posts\/6430\/revisions\/6435"}],"wp:featuredmedia":[{"embeddable":true,"href":"https:\/\/grundschule-loppersum.de\/index.php?rest_route=\/wp\/v2\/media\/6434"}],"wp:attachment":[{"href":"https:\/\/grundschule-loppersum.de\/index.php?rest_route=%2Fwp%2Fv2%2Fmedia&parent=6430"}],"wp:term":[{"taxonomy":"category","embeddable":true,"href":"https:\/\/grundschule-loppersum.de\/index.php?rest_route=%2Fwp%2Fv2%2Fcategories&post=6430"},{"taxonomy":"post_tag","embeddable":true,"href":"https:\/\/grundschule-loppersum.de\/index.php?rest_route=%2Fwp%2Fv2%2Ftags&post=6430"}],"curies":[{"name":"wp","href":"https:\/\/api.w.org\/{rel}","templated":true}]}}