{"id":6539,"date":"2023-09-11T08:20:00","date_gmt":"2023-09-11T08:20:00","guid":{"rendered":"https:\/\/grundschule-loppersum.de\/?p=6539"},"modified":"2023-09-11T08:20:34","modified_gmt":"2023-09-11T08:20:34","slug":"lueckenfueller-1-2","status":"publish","type":"post","link":"https:\/\/grundschule-loppersum.de\/?p=6539","title":{"rendered":"Projektwoche &#8222;Umwelt und Nachhaltigkeit&#8220;"},"content":{"rendered":"<p>Vom 22.05 \u2013 26.05. fand an der Grundschule Loppersum eine Projektwoche zum Thema Nachhaltigkeit und Umwelt statt. In dieser spannenden und interessanten Woche haben die Sch\u00fclerinnen und Sch\u00fcler in gemischten Gruppen recherchiert, gebastelt, gekocht, angepflanzt und vieles mehr. Der Donnerstag wurde klassenintern f\u00fcr Ausfl\u00fcge genutzt. Es wurde unter anderem M\u00fcll gesammelt und gepicknickt, ein Unverpacktladen besucht oder beim Supermarkt die regionalen Obst- und Gem\u00fcseartikel untersucht. Die erarbeiteten Ergebnisse wurden am Freitag in der Schule pr\u00e4sentiert. Hierf\u00fcr waren alle Eltern eingeladen worden. Viele flei\u00dfige Eltern hatten gebacken und so wurde gegen Spende Kaffee und Kuchen angeboten. Die Kinder durften umsonst naschen.<\/p>\n<p><em>F\u00fcr die Jahrg\u00e4nge 1 und 2 wurden f\u00fcnf Arbeitsgruppen angeboten, welche die Sch\u00fcler w\u00e4hlen konnten.<\/em><\/p>\n<p>Wandern in der Natur (Herr Helm &amp; Frau H\u00f6lscher):<\/p>\n<p><em>Unter dem Motto &#8222;Wir staunen \u00fcber unsere Welt&#8220; haben die Projektgruppen &#8222;Wandern in der Natur&#8220; die n\u00e4here Umgebung des Schulhofs, aber auch die sch\u00f6ne Gegend am Muschelweg mit selbstgebastelten Kameras beobachtet und festgehalten. Wir haben schnell gemerkt, dass es sich lohnt, genau hinzusehen, die Sch\u00f6nheiten der Natur zu entdecken und zu bewundern und entsprechend daf\u00fcr zu sorgen, dass unsere Welt auch zuk\u00fcnftig bestaunt und bewundert werden kann. Viele hundert Fotos wurden gemacht und eine kleine Auswahl davon mit bunten Farben gestaltet.<\/em><\/p>\n<p><em>\u00a0<\/em><em>Wiesengesumme (Frau Janssen):<\/em><\/p>\n<p>Im Projekt &#8222;Wiesengesumme&#8220; haben Sch\u00fcler und Sch\u00fclerinnen der ersten und zweiten Klasse etwas \u00fcber die Pflanzen und Insekten erfahren, die den Lebensraum Wiese ausmachen und gelernt, wie wichtig dieser Lebensraum auch f\u00fcr uns Menschen ist. Um dem Insekten- und vor allem dem Bienensterben etwas entgegenzusetzen, wurden aus alten Konservendosen, Bambusr\u00f6hren und Holzwolle Insektenhotels f\u00fcr den Garten gebastelt. Au\u00dferdem wurden aus Tonerde, Mutterboden und Blumensamen Saatbomben geformt.<\/p>\n<p><img loading=\"lazy\" decoding=\"async\" class=\"alignnone size-full wp-image-6562\" src=\"https:\/\/grundschule-loppersum.de\/wp-content\/uploads\/2023\/09\/PW-Wiesen.png\" alt=\"\" width=\"328\" height=\"442\" srcset=\"https:\/\/grundschule-loppersum.de\/wp-content\/uploads\/2023\/09\/PW-Wiesen.png 328w, https:\/\/grundschule-loppersum.de\/wp-content\/uploads\/2023\/09\/PW-Wiesen-223x300.png 223w\" sizes=\"auto, (max-width: 328px) 100vw, 328px\" \/><\/p>\n<p>&nbsp;<\/p>\n<p>Kleinigkeiten f\u00fcr den Garten (Frau Bunten):<\/p>\n<p>In der Projektgruppe \u201eKleinigkeiten f\u00fcr den Garten\u201c haben die Sch\u00fclerInnen aus Tetrapack Vogelfutterh\u00e4uschen gebastelt. Dazu wurden die H\u00e4uschen zun\u00e4chst mit wasserfester Farbe bemalt und individuell gestaltet. Anschlie\u00dfend wurden St\u00f6ckchen gesammelt und die H\u00e4user mit Vogelfutter bef\u00fcllt. Au\u00dferdem wurden noch bunte Gottesaugen als Gartendeko gebastelt und kleine Beete mit Kresse bef\u00fcllt.<\/p>\n<p><img loading=\"lazy\" decoding=\"async\" class=\"alignnone size-full wp-image-6545\" src=\"https:\/\/grundschule-loppersum.de\/wp-content\/uploads\/2023\/09\/PW-Garten-3.jpeg\" alt=\"\" width=\"1024\" height=\"768\" srcset=\"https:\/\/grundschule-loppersum.de\/wp-content\/uploads\/2023\/09\/PW-Garten-3.jpeg 1024w, https:\/\/grundschule-loppersum.de\/wp-content\/uploads\/2023\/09\/PW-Garten-3-300x225.jpeg 300w, https:\/\/grundschule-loppersum.de\/wp-content\/uploads\/2023\/09\/PW-Garten-3-768x576.jpeg 768w, https:\/\/grundschule-loppersum.de\/wp-content\/uploads\/2023\/09\/PW-Garten-3-705x529.jpeg 705w\" sizes=\"auto, (max-width: 1024px) 100vw, 1024px\" \/> <img loading=\"lazy\" decoding=\"async\" class=\"alignnone size-full wp-image-6544\" src=\"https:\/\/grundschule-loppersum.de\/wp-content\/uploads\/2023\/09\/PW-Garten-2.jpeg\" alt=\"\" width=\"1024\" height=\"768\" srcset=\"https:\/\/grundschule-loppersum.de\/wp-content\/uploads\/2023\/09\/PW-Garten-2.jpeg 1024w, https:\/\/grundschule-loppersum.de\/wp-content\/uploads\/2023\/09\/PW-Garten-2-300x225.jpeg 300w, https:\/\/grundschule-loppersum.de\/wp-content\/uploads\/2023\/09\/PW-Garten-2-768x576.jpeg 768w, https:\/\/grundschule-loppersum.de\/wp-content\/uploads\/2023\/09\/PW-Garten-2-705x529.jpeg 705w\" sizes=\"auto, (max-width: 1024px) 100vw, 1024px\" \/> <img loading=\"lazy\" decoding=\"async\" class=\"alignnone size-full wp-image-6542\" src=\"https:\/\/grundschule-loppersum.de\/wp-content\/uploads\/2023\/09\/PW-Garten-.jpeg\" alt=\"\" width=\"1024\" height=\"768\" srcset=\"https:\/\/grundschule-loppersum.de\/wp-content\/uploads\/2023\/09\/PW-Garten-.jpeg 1024w, https:\/\/grundschule-loppersum.de\/wp-content\/uploads\/2023\/09\/PW-Garten--300x225.jpeg 300w, https:\/\/grundschule-loppersum.de\/wp-content\/uploads\/2023\/09\/PW-Garten--768x576.jpeg 768w, https:\/\/grundschule-loppersum.de\/wp-content\/uploads\/2023\/09\/PW-Garten--705x529.jpeg 705w\" sizes=\"auto, (max-width: 1024px) 100vw, 1024px\" \/><\/p>\n<p>Spielzeuge basteln (Herr Eilers):<\/p>\n<p>Aus alten Plastikflaschen, Schuhkartons, Dosen und anderen Dingen, die sonst im M\u00fcll landen, lassen sich ganz viele tolle Spielzeuge einfach selber machen. So bastelten die Sch\u00fcler aus einem alten Schuhkartondeckel, einer W\u00e4scheklammer und einer Dose oder einem abgeschnittenen Flasche einen Basketballkorb. Aus dem anderen Teil der Flasche wurde mithilfe einer Kordel und des Flaschendeckels ein Geschicklichkeitsspiel zum Fangen hergestellt.<\/p>\n<p><img loading=\"lazy\" decoding=\"async\" class=\"alignnone size-full wp-image-6556\" src=\"https:\/\/grundschule-loppersum.de\/wp-content\/uploads\/2023\/09\/PW-Spielzeug-2.jpeg\" alt=\"\" width=\"768\" height=\"1024\" srcset=\"https:\/\/grundschule-loppersum.de\/wp-content\/uploads\/2023\/09\/PW-Spielzeug-2.jpeg 768w, https:\/\/grundschule-loppersum.de\/wp-content\/uploads\/2023\/09\/PW-Spielzeug-2-225x300.jpeg 225w, https:\/\/grundschule-loppersum.de\/wp-content\/uploads\/2023\/09\/PW-Spielzeug-2-529x705.jpeg 529w\" sizes=\"auto, (max-width: 768px) 100vw, 768px\" \/> <img loading=\"lazy\" decoding=\"async\" class=\"alignnone size-full wp-image-6557\" src=\"https:\/\/grundschule-loppersum.de\/wp-content\/uploads\/2023\/09\/PW-Spielzeug.jpeg\" alt=\"\" width=\"768\" height=\"1024\" srcset=\"https:\/\/grundschule-loppersum.de\/wp-content\/uploads\/2023\/09\/PW-Spielzeug.jpeg 768w, https:\/\/grundschule-loppersum.de\/wp-content\/uploads\/2023\/09\/PW-Spielzeug-225x300.jpeg 225w, https:\/\/grundschule-loppersum.de\/wp-content\/uploads\/2023\/09\/PW-Spielzeug-529x705.jpeg 529w\" sizes=\"auto, (max-width: 768px) 100vw, 768px\" \/><\/p>\n<p>Kochen (Frau W\u00e4cken):<\/p>\n<p>In der Projektwoche haben die Kinder sich mit dem Thema regionale und saisonale Ern\u00e4hrung auseinandergesetzt. Anschlie\u00dfend kochten die ersten bis vierten Klassen Erdbeermarmelade. Die \u00e4lteren Kinder stellten au\u00dferdem vegetarische Burger, selbst gemachte Pommes und einen passenden Dip her.<\/p>\n<p><img loading=\"lazy\" decoding=\"async\" class=\"alignnone size-full wp-image-6561\" src=\"https:\/\/grundschule-loppersum.de\/wp-content\/uploads\/2023\/09\/PW-Kochen-2.png\" alt=\"\" width=\"331\" height=\"441\" srcset=\"https:\/\/grundschule-loppersum.de\/wp-content\/uploads\/2023\/09\/PW-Kochen-2.png 331w, https:\/\/grundschule-loppersum.de\/wp-content\/uploads\/2023\/09\/PW-Kochen-2-225x300.png 225w\" sizes=\"auto, (max-width: 331px) 100vw, 331px\" \/> <img loading=\"lazy\" decoding=\"async\" class=\"alignnone size-full wp-image-6560\" src=\"https:\/\/grundschule-loppersum.de\/wp-content\/uploads\/2023\/09\/PW-Kochen.png\" alt=\"\" width=\"328\" height=\"437\" srcset=\"https:\/\/grundschule-loppersum.de\/wp-content\/uploads\/2023\/09\/PW-Kochen.png 328w, https:\/\/grundschule-loppersum.de\/wp-content\/uploads\/2023\/09\/PW-Kochen-225x300.png 225w\" sizes=\"auto, (max-width: 328px) 100vw, 328px\" \/><\/p>\n<p><em>F\u00fcnf Arbeitsgruppen wurden f\u00fcr den 3. und 4. Jahrgang angeboten.<\/em><\/p>\n<p>Upcycling &#8211; wegwerfen war gestern (Frau Bergens &amp; Frau Ga\u00dfner)<\/p>\n<p>In der Projektwoche haben Sch\u00fcler aus den dritten und vierten Klassen sich mit dem Thema Recycling und M\u00fcllvermeidung auseinandergesetzt. Anschlie\u00dfend haben sie bunte Kerzen aus Kerzenresten gegossen, Blumenampeln aus Actimelflaschen und Baum\u00e4sten gebastelt und aus Milcht\u00fcten Portmonnaies gefaltet.<\/p>\n<p>In der 2. Upcycling-Gruppe haben die Kinder Bienenwachst\u00fccher und Stiftehalter gebastelt. Au\u00dferdem haben sie Pappmach\u00e9 hergestellt, aus dem sie dann kleine Dekoschalen formten.<\/p>\n<p><img loading=\"lazy\" decoding=\"async\" class=\"alignnone size-full wp-image-6549\" src=\"https:\/\/grundschule-loppersum.de\/wp-content\/uploads\/2023\/09\/PW-Samen-2.png\" alt=\"\" width=\"330\" height=\"381\" srcset=\"https:\/\/grundschule-loppersum.de\/wp-content\/uploads\/2023\/09\/PW-Samen-2.png 330w, https:\/\/grundschule-loppersum.de\/wp-content\/uploads\/2023\/09\/PW-Samen-2-260x300.png 260w\" sizes=\"auto, (max-width: 330px) 100vw, 330px\" \/> <img loading=\"lazy\" decoding=\"async\" class=\"alignnone size-full wp-image-6559\" src=\"https:\/\/grundschule-loppersum.de\/wp-content\/uploads\/2023\/09\/PW-Kerzen-2.png\" alt=\"\" width=\"330\" height=\"449\" srcset=\"https:\/\/grundschule-loppersum.de\/wp-content\/uploads\/2023\/09\/PW-Kerzen-2.png 330w, https:\/\/grundschule-loppersum.de\/wp-content\/uploads\/2023\/09\/PW-Kerzen-2-220x300.png 220w\" sizes=\"auto, (max-width: 330px) 100vw, 330px\" \/><\/p>\n<p>Kochen (Frau Gloger und Frau W\u00e4cken):<\/p>\n<p>In der Projektwoche haben die Kinder sich mit dem Thema regionale und saisonale Ern\u00e4hrung auseinandergesetzt. Anschlie\u00dfend kochten die ersten bis vierten Klassen Erdbeermarmelade. Die \u00e4lteren Kinder stellten au\u00dferdem vegetarische Burger, selbst gemachte Pommes und einen passenden Dip her.<\/p>\n<p>Altkleider neu in Szene setzen (Frau Radomski):<\/p>\n<p>In diesem Projekt haben sich Sch\u00fclerinnen und Sch\u00fcler der 3. und 4. Klasse mit dem Thema \u201eAltkleider\u201c auseinandergesetzt. Sie haben T-Shirts mit Stoffmalfarbe bemalt und bespr\u00fcht. Es wurden aus zwei Kleidungsst\u00fccken ein neues Kleidungsst\u00fcck entworfen und aus alten T-Shirts, die den Kindern zu klein geworden waren, wurden Kissen in verschiedenen Formen gen\u00e4ht. Au\u00dferdem wurden aus Stoffresten Handytaschen gen\u00e4ht.<br \/>\nGen\u00e4ht wurde nur mit der Hand. Die Kinder hatten alle super tolle Ideen, wir h\u00e4tten locker noch weitere Tage an diesem Thema arbeiten k\u00f6nnen.<br \/>\nAlle diese Produkte wurden dann am Pr\u00e4sentationstag in Form einer Modenschau den Eltern bei flotter Musik vorgef\u00fchrt.<\/p>\n<p><img loading=\"lazy\" decoding=\"async\" class=\"alignnone size-full wp-image-6553\" src=\"https:\/\/grundschule-loppersum.de\/wp-content\/uploads\/2023\/09\/PW-Mode-2.png\" alt=\"\" width=\"1170\" height=\"2532\" srcset=\"https:\/\/grundschule-loppersum.de\/wp-content\/uploads\/2023\/09\/PW-Mode-2.png 1170w, https:\/\/grundschule-loppersum.de\/wp-content\/uploads\/2023\/09\/PW-Mode-2-139x300.png 139w, https:\/\/grundschule-loppersum.de\/wp-content\/uploads\/2023\/09\/PW-Mode-2-476x1030.png 476w, https:\/\/grundschule-loppersum.de\/wp-content\/uploads\/2023\/09\/PW-Mode-2-768x1662.png 768w, https:\/\/grundschule-loppersum.de\/wp-content\/uploads\/2023\/09\/PW-Mode-2-710x1536.png 710w, https:\/\/grundschule-loppersum.de\/wp-content\/uploads\/2023\/09\/PW-Mode-2-946x2048.png 946w, https:\/\/grundschule-loppersum.de\/wp-content\/uploads\/2023\/09\/PW-Mode-2-693x1500.png 693w, https:\/\/grundschule-loppersum.de\/wp-content\/uploads\/2023\/09\/PW-Mode-2-326x705.png 326w\" sizes=\"auto, (max-width: 1170px) 100vw, 1170px\" \/> <img loading=\"lazy\" decoding=\"async\" class=\"alignnone size-full wp-image-6552\" src=\"https:\/\/grundschule-loppersum.de\/wp-content\/uploads\/2023\/09\/PW-Mode-3.png\" alt=\"\" width=\"2532\" height=\"1170\" srcset=\"https:\/\/grundschule-loppersum.de\/wp-content\/uploads\/2023\/09\/PW-Mode-3.png 2532w, https:\/\/grundschule-loppersum.de\/wp-content\/uploads\/2023\/09\/PW-Mode-3-300x139.png 300w, https:\/\/grundschule-loppersum.de\/wp-content\/uploads\/2023\/09\/PW-Mode-3-1030x476.png 1030w, https:\/\/grundschule-loppersum.de\/wp-content\/uploads\/2023\/09\/PW-Mode-3-768x355.png 768w, https:\/\/grundschule-loppersum.de\/wp-content\/uploads\/2023\/09\/PW-Mode-3-1536x710.png 1536w, https:\/\/grundschule-loppersum.de\/wp-content\/uploads\/2023\/09\/PW-Mode-3-2048x946.png 2048w, https:\/\/grundschule-loppersum.de\/wp-content\/uploads\/2023\/09\/PW-Mode-3-1500x693.png 1500w, https:\/\/grundschule-loppersum.de\/wp-content\/uploads\/2023\/09\/PW-Mode-3-705x326.png 705w\" sizes=\"auto, (max-width: 2532px) 100vw, 2532px\" \/><\/p>\n<p>Insektenbeet (Br\u00fcggemann):<\/p>\n<p>Die Projektgruppe legte in Zusammenarbeit mit dem Hausmeister ein Insektenbeet vor der Schule an. Verschiedene Stauden mussten gepflanzt werden, eine Wildblumenwiese wurde ausges\u00e4t und Samen in einem kleinen Gew\u00e4chshaus ges\u00e4t. Jeder Sch\u00fcler und jede Sch\u00fclerin pflanzten noch Samen f\u00fcr den eigenen Garten.<\/p>\n","protected":false},"excerpt":{"rendered":"<p>Vom 22.05 \u2013 26.05. fand an der Grundschule Loppersum eine Projektwoche zum Thema Nachhaltigkeit und Umwelt statt. In dieser spannenden und interessanten Woche haben die Sch\u00fclerinnen und Sch\u00fcler in gemischten Gruppen recherchiert, gebastelt, gekocht, angepflanzt und vieles mehr. Der Donnerstag wurde klassenintern f\u00fcr Ausfl\u00fcge genutzt. Es wurde unter anderem M\u00fcll gesammelt und gepicknickt, ein Unverpacktladen [&hellip;]<\/p>\n","protected":false},"author":1,"featured_media":6551,"comment_status":"open","ping_status":"open","sticky":false,"template":"","format":"standard","meta":{"footnotes":""},"categories":[1,34],"tags":[],"class_list":["post-6539","post","type-post","status-publish","format-standard","has-post-thumbnail","hentry","category-aktionen","category-aktuelles"],"_links":{"self":[{"href":"https:\/\/grundschule-loppersum.de\/index.php?rest_route=\/wp\/v2\/posts\/6539","targetHints":{"allow":["GET"]}}],"collection":[{"href":"https:\/\/grundschule-loppersum.de\/index.php?rest_route=\/wp\/v2\/posts"}],"about":[{"href":"https:\/\/grundschule-loppersum.de\/index.php?rest_route=\/wp\/v2\/types\/post"}],"author":[{"embeddable":true,"href":"https:\/\/grundschule-loppersum.de\/index.php?rest_route=\/wp\/v2\/users\/1"}],"replies":[{"embeddable":true,"href":"https:\/\/grundschule-loppersum.de\/index.php?rest_route=%2Fwp%2Fv2%2Fcomments&post=6539"}],"version-history":[{"count":1,"href":"https:\/\/grundschule-loppersum.de\/index.php?rest_route=\/wp\/v2\/posts\/6539\/revisions"}],"predecessor-version":[{"id":6563,"href":"https:\/\/grundschule-loppersum.de\/index.php?rest_route=\/wp\/v2\/posts\/6539\/revisions\/6563"}],"wp:featuredmedia":[{"embeddable":true,"href":"https:\/\/grundschule-loppersum.de\/index.php?rest_route=\/wp\/v2\/media\/6551"}],"wp:attachment":[{"href":"https:\/\/grundschule-loppersum.de\/index.php?rest_route=%2Fwp%2Fv2%2Fmedia&parent=6539"}],"wp:term":[{"taxonomy":"category","embeddable":true,"href":"https:\/\/grundschule-loppersum.de\/index.php?rest_route=%2Fwp%2Fv2%2Fcategories&post=6539"},{"taxonomy":"post_tag","embeddable":true,"href":"https:\/\/grundschule-loppersum.de\/index.php?rest_route=%2Fwp%2Fv2%2Ftags&post=6539"}],"curies":[{"name":"wp","href":"https:\/\/api.w.org\/{rel}","templated":true}]}}